{"id":2676,"date":"2025-04-25T22:05:08","date_gmt":"2025-04-25T20:05:08","guid":{"rendered":"https:\/\/vrtic-smjesko.hr\/?p=2676"},"modified":"2025-04-25T22:05:09","modified_gmt":"2025-04-25T20:05:09","slug":"odluka-o-upisu-djece-u-djecji-vrtic-smjesko-za-pedagosku-godinu-2025-2026","status":"publish","type":"post","link":"https:\/\/vrtic-smjesko.hr\/index.php\/2025\/04\/25\/odluka-o-upisu-djece-u-djecji-vrtic-smjesko-za-pedagosku-godinu-2025-2026\/","title":{"rendered":"ODLUKA O UPISU DJECE U DJE\u010cJI VRTI\u0106 &#8220;SMJE\u0160KO&#8221; ZA PEDAGO\u0160KU GODINU 2025.\/2026"},"content":{"rendered":"\n<div class=\"wp-block-file\"><a id=\"wp-block-file--media-02cd4189-d22e-4f07-83d3-33de217897b1\" href=\"https:\/\/vrtic-smjesko.hr\/wp-content\/uploads\/2025\/04\/Odluka-o-upisu-2025-26001.pdf\">Odluka-o-upisu-2025-26001<\/a><a href=\"https:\/\/vrtic-smjesko.hr\/wp-content\/uploads\/2025\/04\/Odluka-o-upisu-2025-26001.pdf\" class=\"wp-block-file__button\" download aria-describedby=\"wp-block-file--media-02cd4189-d22e-4f07-83d3-33de217897b1\">Preuzmi<\/a><\/div>\n","protected":false},"excerpt":{"rendered":"","protected":false},"author":1,"featured_media":0,"comment_status":"closed","ping_status":"closed","sticky":false,"template":"","format":"standard","meta":{"ub_ctt_via":""},"categories":[1],"tags":[],"featured_image_src":null,"author_info":{"display_name":"admin","author_link":"https:\/\/vrtic-smjesko.hr\/index.php\/author\/admin\/"},"_links":{"self":[{"href":"https:\/\/vrtic-smjesko.hr\/index.php\/wp-json\/wp\/v2\/posts\/2676"}],"collection":[{"href":"https:\/\/vrtic-smjesko.hr\/index.php\/wp-json\/wp\/v2\/posts"}],"about":[{"href":"https:\/\/vrtic-smjesko.hr\/index.php\/wp-json\/wp\/v2\/types\/post"}],"author":[{"embeddable":true,"href":"https:\/\/vrtic-smjesko.hr\/index.php\/wp-json\/wp\/v2\/users\/1"}],"replies":[{"embeddable":true,"href":"https:\/\/vrtic-smjesko.hr\/index.php\/wp-json\/wp\/v2\/comments?post=2676"}],"version-history":[{"count":1,"href":"https:\/\/vrtic-smjesko.hr\/index.php\/wp-json\/wp\/v2\/posts\/2676\/revisions"}],"predecessor-version":[{"id":2678,"href":"https:\/\/vrtic-smjesko.hr\/index.php\/wp-json\/wp\/v2\/posts\/2676\/revisions\/2678"}],"wp:attachment":[{"href":"https:\/\/vrtic-smjesko.hr\/index.php\/wp-json\/wp\/v2\/media?parent=2676"}],"wp:term":[{"taxonomy":"category","embeddable":true,"href":"https:\/\/vrtic-smjesko.hr\/index.php\/wp-json\/wp\/v2\/categories?post=2676"},{"taxonomy":"post_tag","embeddable":true,"href":"https:\/\/vrtic-smjesko.hr\/index.php\/wp-json\/wp\/v2\/tags?post=2676"}],"curies":[{"name":"wp","href":"https:\/\/api.w.org\/{rel}","templated":true}]}}