{"id":2533,"date":"2024-02-02T11:03:40","date_gmt":"2024-02-02T10:03:40","guid":{"rendered":"https:\/\/vrtic-smjesko.hr\/?p=2533"},"modified":"2024-02-02T11:51:55","modified_gmt":"2024-02-02T10:51:55","slug":"obavijest-o-izboru-kandidata-po-natjecaju-spremacica-na-puno-radno-vijeme-na-neodredeno","status":"publish","type":"post","link":"https:\/\/vrtic-smjesko.hr\/index.php\/2024\/02\/02\/obavijest-o-izboru-kandidata-po-natjecaju-spremacica-na-puno-radno-vijeme-na-neodredeno\/","title":{"rendered":"OBAVIJEST O IZBORU KANDIDATA PO NATJE\u010cAJU &#8211; SPREMA\u010cICA NA PUNO RADNO VIJEME NA NEODRE\u0110ENO"},"content":{"rendered":"\n<div class=\"wp-block-file\"><a id=\"wp-block-file--media-55e5eebc-f46c-4e6a-b89b-bf5319c3b248\" href=\"https:\/\/vrtic-smjesko.hr\/wp-content\/uploads\/2024\/02\/odluka-o-izboru-kandidata-za-spremacicu-i-odgojiteljicu001-2.pdf\">spremacica<\/a><a href=\"https:\/\/vrtic-smjesko.hr\/wp-content\/uploads\/2024\/02\/odluka-o-izboru-kandidata-za-spremacicu-i-odgojiteljicu001-2.pdf\" class=\"wp-block-file__button\" download aria-describedby=\"wp-block-file--media-55e5eebc-f46c-4e6a-b89b-bf5319c3b248\">Preuzmi<\/a><\/div>\n","protected":false},"excerpt":{"rendered":"","protected":false},"author":1,"featured_media":0,"comment_status":"closed","ping_status":"closed","sticky":false,"template":"","format":"standard","meta":{"ub_ctt_via":""},"categories":[1,3],"tags":[],"featured_image_src":null,"author_info":{"display_name":"admin","author_link":"https:\/\/vrtic-smjesko.hr\/index.php\/author\/admin\/"},"_links":{"self":[{"href":"https:\/\/vrtic-smjesko.hr\/index.php\/wp-json\/wp\/v2\/posts\/2533"}],"collection":[{"href":"https:\/\/vrtic-smjesko.hr\/index.php\/wp-json\/wp\/v2\/posts"}],"about":[{"href":"https:\/\/vrtic-smjesko.hr\/index.php\/wp-json\/wp\/v2\/types\/post"}],"author":[{"embeddable":true,"href":"https:\/\/vrtic-smjesko.hr\/index.php\/wp-json\/wp\/v2\/users\/1"}],"replies":[{"embeddable":true,"href":"https:\/\/vrtic-smjesko.hr\/index.php\/wp-json\/wp\/v2\/comments?post=2533"}],"version-history":[{"count":5,"href":"https:\/\/vrtic-smjesko.hr\/index.php\/wp-json\/wp\/v2\/posts\/2533\/revisions"}],"predecessor-version":[{"id":2549,"href":"https:\/\/vrtic-smjesko.hr\/index.php\/wp-json\/wp\/v2\/posts\/2533\/revisions\/2549"}],"wp:attachment":[{"href":"https:\/\/vrtic-smjesko.hr\/index.php\/wp-json\/wp\/v2\/media?parent=2533"}],"wp:term":[{"taxonomy":"category","embeddable":true,"href":"https:\/\/vrtic-smjesko.hr\/index.php\/wp-json\/wp\/v2\/categories?post=2533"},{"taxonomy":"post_tag","embeddable":true,"href":"https:\/\/vrtic-smjesko.hr\/index.php\/wp-json\/wp\/v2\/tags?post=2533"}],"curies":[{"name":"wp","href":"https:\/\/api.w.org\/{rel}","templated":true}]}}