{"id":1462,"date":"2021-08-30T18:43:00","date_gmt":"2021-08-30T16:43:00","guid":{"rendered":"http:\/\/vrtic-smjesko.hr\/?p=1462"},"modified":"2021-09-01T18:45:38","modified_gmt":"2021-09-01T16:45:38","slug":"upute-za-sprjecavanje-i-suzbijanje-epidemije-bolesti-covid-19-vezano-uz-rad-predskolskih-ustanova-osnovnih-i-srednjih-skola-u-skolskoj-godini-2021-2022","status":"publish","type":"post","link":"https:\/\/vrtic-smjesko.hr\/index.php\/2021\/08\/30\/upute-za-sprjecavanje-i-suzbijanje-epidemije-bolesti-covid-19-vezano-uz-rad-predskolskih-ustanova-osnovnih-i-srednjih-skola-u-skolskoj-godini-2021-2022\/","title":{"rendered":"UPUTE ZA SPRJE\u010cAVANJE I SUZBIJANJE EPIDEMIJE BOLESTI COVID-19 VEZANO UZ RAD PRED\u0160KOLSKIH USTANOVA, OSNOVNIH I SREDNJIH \u0160KOLA U \u0160KOLSKOJ GODINI 2021.\/2022."},"content":{"rendered":"\n<div class=\"wp-block-file\"><a href=\"http:\/\/vrtic-smjesko.hr\/wp-content\/uploads\/2021\/09\/Upute-za-sprje\u010davanje-i-suzbijanje-epidemije-bolesti-COVID-19-vezano-uz-rad-pred\u0161kolskih-ustanova-osnovnih-i-srednjih-\u0161kola-u-\u0161kolskoj-godini-2021.-2022..pdf\">Upute-za-sprje\u010davanje-i-suzbijanje-epidemije-bolesti-COVID-19-vezano-uz-rad-pred\u0161kolskih-ustanova-osnovnih-i-srednjih-\u0161kola-u-\u0161kolskoj-godini-2021.-2022.<\/a><a href=\"http:\/\/vrtic-smjesko.hr\/wp-content\/uploads\/2021\/09\/Upute-za-sprje\u010davanje-i-suzbijanje-epidemije-bolesti-COVID-19-vezano-uz-rad-pred\u0161kolskih-ustanova-osnovnih-i-srednjih-\u0161kola-u-\u0161kolskoj-godini-2021.-2022..pdf\" class=\"wp-block-file__button\" download>Preuzmi<\/a><\/div>\n","protected":false},"excerpt":{"rendered":"","protected":false},"author":1,"featured_media":0,"comment_status":"closed","ping_status":"closed","sticky":false,"template":"","format":"standard","meta":{"ub_ctt_via":""},"categories":[1,3],"tags":[],"featured_image_src":null,"author_info":{"display_name":"admin","author_link":"https:\/\/vrtic-smjesko.hr\/index.php\/author\/admin\/"},"_links":{"self":[{"href":"https:\/\/vrtic-smjesko.hr\/index.php\/wp-json\/wp\/v2\/posts\/1462"}],"collection":[{"href":"https:\/\/vrtic-smjesko.hr\/index.php\/wp-json\/wp\/v2\/posts"}],"about":[{"href":"https:\/\/vrtic-smjesko.hr\/index.php\/wp-json\/wp\/v2\/types\/post"}],"author":[{"embeddable":true,"href":"https:\/\/vrtic-smjesko.hr\/index.php\/wp-json\/wp\/v2\/users\/1"}],"replies":[{"embeddable":true,"href":"https:\/\/vrtic-smjesko.hr\/index.php\/wp-json\/wp\/v2\/comments?post=1462"}],"version-history":[{"count":1,"href":"https:\/\/vrtic-smjesko.hr\/index.php\/wp-json\/wp\/v2\/posts\/1462\/revisions"}],"predecessor-version":[{"id":1464,"href":"https:\/\/vrtic-smjesko.hr\/index.php\/wp-json\/wp\/v2\/posts\/1462\/revisions\/1464"}],"wp:attachment":[{"href":"https:\/\/vrtic-smjesko.hr\/index.php\/wp-json\/wp\/v2\/media?parent=1462"}],"wp:term":[{"taxonomy":"category","embeddable":true,"href":"https:\/\/vrtic-smjesko.hr\/index.php\/wp-json\/wp\/v2\/categories?post=1462"},{"taxonomy":"post_tag","embeddable":true,"href":"https:\/\/vrtic-smjesko.hr\/index.php\/wp-json\/wp\/v2\/tags?post=1462"}],"curies":[{"name":"wp","href":"https:\/\/api.w.org\/{rel}","templated":true}]}}