{"id":1445,"date":"2021-07-26T10:25:06","date_gmt":"2021-07-26T08:25:06","guid":{"rendered":"http:\/\/vrtic-smjesko.hr\/?p=1445"},"modified":"2021-07-26T10:25:18","modified_gmt":"2021-07-26T08:25:18","slug":"obavijest-o-pocetku-nove-pedagoske-godine","status":"publish","type":"post","link":"https:\/\/vrtic-smjesko.hr\/index.php\/2021\/07\/26\/obavijest-o-pocetku-nove-pedagoske-godine\/","title":{"rendered":"OBAVIJEST O PO\u010cETKU NOVE PEDAGO\u0160KE GODINE 2021.\/2022."},"content":{"rendered":"\n<p>Po\u0161tovani\nroditelji,<\/p>\n\n\n\n<p>redovan rad vrti\u0107a u novoj <strong>pedago\u0161koj godini 2021.\/2022.<\/strong> zapo\u010dinje u\u00a0<strong>ponedjeljak 06. rujna 2021<\/strong>. <\/p>\n\n\n\n<p>Jo\u0161 jednom podsje\u0107amo\u00a0<strong>roditelje ve\u0107 upisane djece<\/strong>\u00a0da su na po\u010detku pedago\u0161ke godine du\u017eni donijeti\u00a0<strong>Potvrdu o obavljenom sistematskom pregledu (ne stariju od 6 mjeseci) ili zdravstvenog voditelja obavijestiti o datumu zakazanog pregleda te dati knji\u017eicu cijepljenja na uvid . <\/strong><\/p>\n\n\n\n<p><\/p>\n","protected":false},"excerpt":{"rendered":"<p>Po\u0161tovani roditelji, redovan rad vrti\u0107a u novoj pedago\u0161koj godini 2021.\/2022. zapo\u010dinje u\u00a0ponedjeljak 06. rujna 2021. Jo\u0161 jednom podsje\u0107amo\u00a0roditelje ve\u0107 upisane djece\u00a0da su na po\u010detku pedago\u0161ke godine du\u017eni donijeti\u00a0Potvrdu o obavljenom sistematskom pregledu (ne stariju od 6 mjeseci) ili zdravstvenog voditelja obavijestiti o datumu zakazanog pregleda te dati knji\u017eicu cijepljenja na uvid .<\/p>\n","protected":false},"author":1,"featured_media":0,"comment_status":"closed","ping_status":"closed","sticky":false,"template":"","format":"standard","meta":{"ub_ctt_via":""},"categories":[1,3],"tags":[],"featured_image_src":null,"author_info":{"display_name":"admin","author_link":"https:\/\/vrtic-smjesko.hr\/index.php\/author\/admin\/"},"_links":{"self":[{"href":"https:\/\/vrtic-smjesko.hr\/index.php\/wp-json\/wp\/v2\/posts\/1445"}],"collection":[{"href":"https:\/\/vrtic-smjesko.hr\/index.php\/wp-json\/wp\/v2\/posts"}],"about":[{"href":"https:\/\/vrtic-smjesko.hr\/index.php\/wp-json\/wp\/v2\/types\/post"}],"author":[{"embeddable":true,"href":"https:\/\/vrtic-smjesko.hr\/index.php\/wp-json\/wp\/v2\/users\/1"}],"replies":[{"embeddable":true,"href":"https:\/\/vrtic-smjesko.hr\/index.php\/wp-json\/wp\/v2\/comments?post=1445"}],"version-history":[{"count":2,"href":"https:\/\/vrtic-smjesko.hr\/index.php\/wp-json\/wp\/v2\/posts\/1445\/revisions"}],"predecessor-version":[{"id":1447,"href":"https:\/\/vrtic-smjesko.hr\/index.php\/wp-json\/wp\/v2\/posts\/1445\/revisions\/1447"}],"wp:attachment":[{"href":"https:\/\/vrtic-smjesko.hr\/index.php\/wp-json\/wp\/v2\/media?parent=1445"}],"wp:term":[{"taxonomy":"category","embeddable":true,"href":"https:\/\/vrtic-smjesko.hr\/index.php\/wp-json\/wp\/v2\/categories?post=1445"},{"taxonomy":"post_tag","embeddable":true,"href":"https:\/\/vrtic-smjesko.hr\/index.php\/wp-json\/wp\/v2\/tags?post=1445"}],"curies":[{"name":"wp","href":"https:\/\/api.w.org\/{rel}","templated":true}]}}